{"id":108852,"date":"2025-01-08T21:49:47","date_gmt":"2025-01-08T21:49:47","guid":{"rendered":"https:\/\/chasdavis.com\/wordpress\/?p=108852"},"modified":"2025-01-16T21:55:43","modified_gmt":"2025-01-16T21:55:43","slug":"andree-l-bias","status":"publish","type":"post","link":"https:\/\/chasdavis.com\/wordpress\/2025\/01\/08\/andree-l-bias\/","title":{"rendered":"Andree L. Bias"},"content":{"rendered":"\n<p><strong>Andr<\/strong><strong>\u00e9e<\/strong><strong> L. Bias, of Hernando, passed away on Wednesday, January 8, 2025 under Vitas Hospice care in Hernando. She was 97. Andr<\/strong><strong>\u00e9<\/strong><strong>e was born in S<\/strong><strong>t.<\/strong><strong> Denis, France to Ren\u00e9 and Suzanne (Thibaut) <\/strong><strong>&nbsp;Courty <\/strong><strong>and after marrying US Army Private James E&nbsp; Bias at the end of WW2 returned with him to the US. She and her late husband moved to Citrus County from Virginia about 48 years ago, and made Hernando their home. Andr<\/strong><strong>\u00e9<\/strong><strong>e was a homemaker, who adored her family and loved to travel. She was preceded in death by her loving husband James E Bias in 2008, her son-in-law Karl Powell, <\/strong><strong>a <\/strong><strong>grandchild Andr<\/strong><strong>\u00e9<\/strong><strong>e (D<\/strong><strong>\u00e9<\/strong><strong>d<\/strong><strong>\u00e9<\/strong><strong>e) and a great great grandchild Lily<\/strong><strong> <\/strong><strong>Anna. Those left to cherish her memory are her son Tex Bias (Margaret) of Ocala; her daughter Lily May Powell of Phoenix, AZ; her sister Raym<\/strong><strong>onde <\/strong><strong>and brother-in-law Eve of France; ten grandchildren; twenty great grandchildren and three great-great grandchildren; and several other family members in France. Andr<\/strong><strong>\u00e9<\/strong><strong>e will be laid to rest with James in Arlington National Cemetery at a later date. Private cremation arrangements are under the direction of Chas. E. Davis Funeral Home with Cremation Care, Inverness.<\/strong><\/p>\n","protected":false},"excerpt":{"rendered":"<p>Andr\u00e9e L. Bias, of Hernando, passed away on Wednesday, January 8, 2025 under Vitas Hospice care in Hernando. She was 97. Andr\u00e9e was born in St. Denis, France to Ren\u00e9 and Suzanne (Thibaut) &nbsp;Courty and after marrying US Army Private James E&nbsp; Bias at the end of WW2 returned with him to the US. She [&hellip;]<\/p>\n","protected":false},"author":990003,"featured_media":108853,"comment_status":"open","ping_status":"open","sticky":false,"template":"","format":"standard","meta":{"footnotes":""},"categories":[1],"tags":[],"class_list":["post-108852","post","type-post","status-publish","format-standard","has-post-thumbnail","hentry","category-obituaries"],"_links":{"self":[{"href":"https:\/\/chasdavis.com\/wordpress\/wp-json\/wp\/v2\/posts\/108852","targetHints":{"allow":["GET"]}}],"collection":[{"href":"https:\/\/chasdavis.com\/wordpress\/wp-json\/wp\/v2\/posts"}],"about":[{"href":"https:\/\/chasdavis.com\/wordpress\/wp-json\/wp\/v2\/types\/post"}],"author":[{"embeddable":true,"href":"https:\/\/chasdavis.com\/wordpress\/wp-json\/wp\/v2\/users\/990003"}],"replies":[{"embeddable":true,"href":"https:\/\/chasdavis.com\/wordpress\/wp-json\/wp\/v2\/comments?post=108852"}],"version-history":[{"count":1,"href":"https:\/\/chasdavis.com\/wordpress\/wp-json\/wp\/v2\/posts\/108852\/revisions"}],"predecessor-version":[{"id":108854,"href":"https:\/\/chasdavis.com\/wordpress\/wp-json\/wp\/v2\/posts\/108852\/revisions\/108854"}],"wp:featuredmedia":[{"embeddable":true,"href":"https:\/\/chasdavis.com\/wordpress\/wp-json\/wp\/v2\/media\/108853"}],"wp:attachment":[{"href":"https:\/\/chasdavis.com\/wordpress\/wp-json\/wp\/v2\/media?parent=108852"}],"wp:term":[{"taxonomy":"category","embeddable":true,"href":"https:\/\/chasdavis.com\/wordpress\/wp-json\/wp\/v2\/categories?post=108852"},{"taxonomy":"post_tag","embeddable":true,"href":"https:\/\/chasdavis.com\/wordpress\/wp-json\/wp\/v2\/tags?post=108852"}],"curies":[{"name":"wp","href":"https:\/\/api.w.org\/{rel}","templated":true}]}}